{"id":756,"date":"2026-03-11T12:21:59","date_gmt":"2026-03-11T12:21:59","guid":{"rendered":"https:\/\/www.moore-czech.cz\/?p=756"},"modified":"2026-03-11T12:22:42","modified_gmt":"2026-03-11T12:22:42","slug":"zeny-i-muzi-se-shoduji-vice-zen-ve-vedeni-by-firmam-prospelo-starsi-generace-nesouhlasi","status":"publish","type":"post","link":"https:\/\/www.moore-czech.cz\/en\/zeny-i-muzi-se-shoduji-vice-zen-ve-vedeni-by-firmam-prospelo-starsi-generace-nesouhlasi\/","title":{"rendered":"\u017deny i mu\u017ei se shoduj\u00ed: v\u00edce \u017een ve veden\u00ed by firm\u00e1m prosp\u011blo. Star\u0161\u00ed generace nesouhlas\u00ed"},"content":{"rendered":"<p><strong>\u017deny i mu\u017ei se shoduj\u00ed: v\u00edce \u017een ve veden\u00ed by firm\u00e1m prosp\u011blo. Star\u0161\u00ed generace nesouhlas\u00ed<\/strong><\/p>\n\n\n\n<p><strong>Na rovnosti v odm\u011b\u0148ov\u00e1n\u00ed se \u017eeny a mu\u017ei neshodnou. Probl\u00e9m nevid\u00ed t\u00e9m\u011b\u0159 9 z 10 mu\u017e\u016f, diskriminaci vn\u00edm\u00e1 dv\u011b t\u0159etiny \u017een<\/strong><\/p>\n\n\n\n<p><strong>Mezi lidmi do 35 let se 88 % respondent\u016f domn\u00edv\u00e1, \u017ee vy\u0161\u0161\u00ed zastoupen\u00ed \u017een ve veden\u00ed by bylo pro fungov\u00e1n\u00ed firmy p\u0159\u00ednosn\u00e9. Ve v\u011bku 54\u201365 let tento n\u00e1zor sd\u00edl\u00ed pouze 21 % dot\u00e1zan\u00fdch. Dv\u011b t\u0159etiny star\u0161\u00edch jsou nav\u00edc p\u0159esv\u011bd\u010deny, \u017ee vy\u0161\u0161\u00ed zastoupen\u00ed \u017een ve veden\u00ed by fungov\u00e1n\u00ed firmy nijak neprosp\u011blo. Data nazna\u010duj\u00ed, \u017ee vn\u00edm\u00e1n\u00ed rovnosti \u0161anc\u00ed se v\u00fdrazn\u011b li\u0161\u00ed podle pohlav\u00ed i v\u011bku. Nejv\u00fdrazn\u011bji to vn\u00edmaj\u00ed \u017eeny ve v\u011bku 27\u201335 let. Pr\u00e1v\u011b u kari\u00e9rn\u00edho postupu m\u00e1 zhruba ka\u017ed\u00e1 p\u00e1t\u00e1 \u017eena pocit, \u017ee mus\u00ed vynalo\u017eit v\u011bt\u0161\u00ed \u00fasil\u00ed ne\u017e mu\u017ei a v p\u0159\u00edpad\u011b odm\u011b\u0148ov\u00e1n\u00ed se 2 ze 3 \u017een c\u00edt\u00ed diskriminovan\u00e9. Z\u00e1v\u011bry vypl\u00fdvaj\u00ed z&nbsp;exkluzivn\u00edho pr\u016fzkumu spole\u010dnosti Ipsos pro poradenskou skupinu Moore Czech Republic.<\/strong><\/p>\n\n\n\n<p><em>\u201eMlad\u0161\u00ed generace vn\u00edm\u00e1 pest\u0159ej\u0161\u00ed veden\u00ed jako standard a zaj\u00edm\u00e1 ji, zda firma jedn\u00e1 f\u00e9rov\u011b. Firmy, kter\u00e9 d\u00e1vaj\u00ed lidem stejn\u00e9 \u0161ance r\u016fst bez ohledu na pohlav\u00ed, maj\u00ed v\u00fdhodu \u2013 v n\u00e1ro\u010dn\u011bj\u0161\u00edch obdob\u00edch si sn\u00e1z udr\u017e\u00ed talentovan\u00e9 zam\u011bstnance,\u201c<\/em> \u0159\u00edk\u00e1 Marcela Hrd\u00e1, partnerka poradensk\u00e9 skupiny Moore Czech Republic.<\/p>\n\n\n\n<figure class=\"wp-block-image aligncenter size-full wp-duotone-unset-1\"><img decoding=\"async\" width=\"928\" height=\"482\" src=\"https:\/\/www.moore-czech.cz\/wp-content\/uploads\/sites\/3\/2026\/03\/image.png\" alt=\"\" class=\"wp-image-757\" srcset=\"https:\/\/www.moore-czech.cz\/wp-content\/uploads\/sites\/3\/2026\/03\/image.png 928w, https:\/\/www.moore-czech.cz\/wp-content\/uploads\/sites\/3\/2026\/03\/image-300x156.png 300w, https:\/\/www.moore-czech.cz\/wp-content\/uploads\/sites\/3\/2026\/03\/image-768x399.png 768w, https:\/\/www.moore-czech.cz\/wp-content\/uploads\/sites\/3\/2026\/03\/image-18x9.png 18w\" sizes=\"(max-width: 928px) 100vw, 928px\" \/><\/figure>\n\n\n\n<p><strong>Rovn\u00e9 \u0161ance na kari\u00e9rn\u00ed postup? Propast v pohledu mu\u017e\u016f a \u017een<\/strong><\/p>\n\n\n\n<p>V ot\u00e1zce rovnosti \u0161anc\u00ed na kari\u00e9rn\u00ed postup se n\u00e1zor mu\u017e\u016f a \u017een v\u00fdrazn\u011b rozch\u00e1z\u00ed. \u017de mu\u017ei a \u017eeny ve firm\u011b nemaj\u00ed stejn\u00e9 p\u0159\u00edle\u017eitosti k&nbsp;postupu si mysl\u00ed zhruba ka\u017ed\u00e1 t\u0159et\u00ed \u017eena. Zat\u00edmco mezi mu\u017ei tento probl\u00e9m p\u0159ipou\u0161t\u00ed jen p\u0159ibli\u017en\u011b ka\u017ed\u00fd osm\u00fd (12 %). U lid\u00ed do 35 let je nav\u00edc o f\u00e9rov\u00e9 rovnosti \u0161anc\u00ed p\u0159esv\u011bd\u010deno jen 40 % respondent\u016f. <em>\u201ePocit nerovnosti \u010dasto pramen\u00ed z neochoty firem nab\u00eddnout \u017een\u00e1m s rodinami v\u011bt\u0161\u00ed flexibilitu. A to i u kancel\u00e1\u0159sk\u00fdch pozic, kde praktick\u00e9 p\u0159ek\u00e1\u017eky v\u011bt\u0161inou nejsou. Pozitivn\u00ed v\u00fdjimkou se jev\u00ed spole\u010dnosti v&nbsp;oblastech jako poradenstv\u00ed, \u00fa\u010detnictv\u00ed nebo dan\u011b. Je to hlavn\u011b o nastaven\u00ed veden\u00ed,\u201c <\/em>dopl\u0148uje Lucie Hauk, Recruitment mana\u017eerka Moore Czech Republic.<\/p>\n\n\n\n<figure class=\"wp-block-image aligncenter size-full\"><img decoding=\"async\" width=\"871\" height=\"477\" src=\"https:\/\/www.moore-czech.cz\/wp-content\/uploads\/sites\/3\/2026\/03\/image-1.png\" alt=\"\" class=\"wp-image-758\" srcset=\"https:\/\/www.moore-czech.cz\/wp-content\/uploads\/sites\/3\/2026\/03\/image-1.png 871w, https:\/\/www.moore-czech.cz\/wp-content\/uploads\/sites\/3\/2026\/03\/image-1-300x164.png 300w, https:\/\/www.moore-czech.cz\/wp-content\/uploads\/sites\/3\/2026\/03\/image-1-768x421.png 768w, https:\/\/www.moore-czech.cz\/wp-content\/uploads\/sites\/3\/2026\/03\/image-1-18x10.png 18w\" sizes=\"(max-width: 871px) 100vw, 871px\" \/><\/figure>\n\n\n\n<p><strong>Finan\u010dn\u00ed ohodnocen\u00ed: n\u016f\u017eky se rozev\u00edraj\u00ed, tlak na transparentnost poroste<\/strong><\/p>\n\n\n\n<p>Nejv\u011bt\u0161\u00ed rozd\u00edly se ukazuj\u00ed v oblasti odm\u011b\u0148ov\u00e1n\u00ed. Zat\u00edmco 86 % mu\u017esk\u00fdch respondent\u016f se p\u0159ikl\u00e1n\u00ed k n\u00e1zoru, \u017ee rozd\u00edly v odm\u011b\u0148ov\u00e1n\u00ed v jejich firm\u011b neexistuj\u00ed, u \u017een je tento pod\u00edl zhruba o t\u0159etinu ni\u017e\u0161\u00ed. Dv\u011b t\u0159etiny \u017een uv\u00e1d\u011bj\u00ed, \u017ee nemaj\u00ed stejn\u00e9 p\u0159\u00edle\u017eitosti k f\u00e9rov\u00e9mu finan\u010dn\u00edmu ohodnocen\u00ed; u mu\u017e\u016f s t\u00edm souhlas\u00ed jen 14 %. <em>\u201e\u010cesko pat\u0159\u00ed dlouhodob\u011b k zem\u00edm s nejvy\u0161\u0161\u00edmi rozd\u00edly v odm\u011b\u0148ov\u00e1n\u00ed \u017een a mu\u017e\u016f. V roce 2022 \u010dinil gender pay gap 18 % a byl t\u0159et\u00ed nejvy\u0161\u0161\u00ed v EU. Firmy ale &nbsp;budou pod v\u011bt\u0161\u00edm tlakem toto \u0159e\u0161it i kv\u016fli nov\u00fdm reportovac\u00edm povinnostem jako je ESG. Zde se dost\u00e1vaj\u00ed i metriky odm\u011b\u0148ov\u00e1n\u00ed v\u010detn\u011b rozd\u00edlu mezi \u017eenami a mu\u017ei. Tlak pos\u00edl\u00ed i \u010dervnov\u00fd p\u0159evod evropsk\u00e9 sm\u011brnice o transparentnosti odm\u011b\u0148ov\u00e1n\u00ed, kdy bude mzdov\u00e9 rozp\u011bt\u00ed pot\u0159eba komunikovat u\u017e u n\u00e1boru a lid\u00e9 sn\u00e1z zjist\u00ed, jak vypad\u00e1 odm\u011b\u0148ov\u00e1n\u00ed na srovnateln\u00fdch pozic\u00edch,\u201c<\/em> uzav\u00edr\u00e1 Marcela Hrd\u00e1.<\/p>","protected":false},"excerpt":{"rendered":"<p>\u017deny i mu\u017ei se shoduj\u00ed: v\u00edce \u017een ve veden\u00ed by firm\u00e1m prosp\u011blo. Star\u0161\u00ed generace nesouhlas\u00ed Na rovnosti v odm\u011b\u0148ov\u00e1n\u00ed se \u017eeny a mu\u017ei neshodnou. Probl\u00e9m nevid\u00ed t\u00e9m\u011b\u0159 9 z 10 mu\u017e\u016f, diskriminaci vn\u00edm\u00e1 dv\u011b t\u0159etiny \u017een Mezi lidmi do 35 let se 88 % respondent\u016f domn\u00edv\u00e1, \u017ee vy\u0161\u0161\u00ed zastoupen\u00ed \u017een ve veden\u00ed by bylo pro [&hellip;]<\/p>\n","protected":false},"author":35,"featured_media":746,"comment_status":"closed","ping_status":"open","sticky":false,"template":"","format":"standard","meta":{"_acf_changed":true,"footnotes":""},"categories":[31],"tags":[],"location":[],"class_list":["post-756","post","type-post","status-publish","format-standard","has-post-thumbnail","hentry","category-tiskova-zprava"],"acf":[],"yoast_head":"<!-- This site is optimized with the Yoast SEO plugin v27.2 - https:\/\/yoast.com\/product\/yoast-seo-wordpress\/ -->\n<title>\u017deny i mu\u017ei se shoduj\u00ed: v\u00edce \u017een ve veden\u00ed by firm\u00e1m prosp\u011blo. Star\u0161\u00ed generace nesouhlas\u00ed - Moore Czech Republic<\/title>\n<meta name=\"robots\" content=\"index, follow, max-snippet:-1, max-image-preview:large, max-video-preview:-1\" \/>\n<link rel=\"canonical\" href=\"https:\/\/www.moore-czech.cz\/en\/zeny-i-muzi-se-shoduji-vice-zen-ve-vedeni-by-firmam-prospelo-starsi-generace-nesouhlasi\/\" \/>\n<meta property=\"og:locale\" content=\"en_GB\" \/>\n<meta property=\"og:type\" content=\"article\" \/>\n<meta property=\"og:title\" content=\"\u017deny i mu\u017ei se shoduj\u00ed: v\u00edce \u017een ve veden\u00ed by firm\u00e1m prosp\u011blo. Star\u0161\u00ed generace nesouhlas\u00ed - Moore Czech Republic\" \/>\n<meta property=\"og:description\" content=\"\u017deny i mu\u017ei se shoduj\u00ed: v\u00edce \u017een ve veden\u00ed by firm\u00e1m prosp\u011blo. Star\u0161\u00ed generace nesouhlas\u00ed Na rovnosti v odm\u011b\u0148ov\u00e1n\u00ed se \u017eeny a mu\u017ei neshodnou. Probl\u00e9m nevid\u00ed t\u00e9m\u011b\u0159 9 z 10 mu\u017e\u016f, diskriminaci vn\u00edm\u00e1 dv\u011b t\u0159etiny \u017een Mezi lidmi do 35 let se 88 % respondent\u016f domn\u00edv\u00e1, \u017ee vy\u0161\u0161\u00ed zastoupen\u00ed \u017een ve veden\u00ed by bylo pro [&hellip;]\" \/>\n<meta property=\"og:url\" content=\"https:\/\/www.moore-czech.cz\/en\/zeny-i-muzi-se-shoduji-vice-zen-ve-vedeni-by-firmam-prospelo-starsi-generace-nesouhlasi\/\" \/>\n<meta property=\"og:site_name\" content=\"Moore Czech Republic\" \/>\n<meta property=\"article:published_time\" content=\"2026-03-11T12:21:59+00:00\" \/>\n<meta property=\"article:modified_time\" content=\"2026-03-11T12:22:42+00:00\" \/>\n<meta property=\"og:image\" content=\"https:\/\/www.moore-czech.cz\/wp-content\/uploads\/sites\/3\/2024\/12\/shutterstock_2605496977-1-1024x683.jpg\" \/>\n\t<meta property=\"og:image:width\" content=\"1024\" \/>\n\t<meta property=\"og:image:height\" content=\"683\" \/>\n\t<meta property=\"og:image:type\" content=\"image\/jpeg\" \/>\n<meta name=\"author\" content=\"marekhrotek\" \/>\n<meta name=\"twitter:card\" content=\"summary_large_image\" \/>\n<meta name=\"twitter:label1\" content=\"Written by\" \/>\n\t<meta name=\"twitter:data1\" content=\"marekhrotek\" \/>\n\t<meta name=\"twitter:label2\" content=\"Est. reading time\" \/>\n\t<meta name=\"twitter:data2\" content=\"4 minutes\" \/>\n<script type=\"application\/ld+json\" class=\"yoast-schema-graph\">{\"@context\":\"https:\/\/schema.org\",\"@graph\":[{\"@type\":\"Article\",\"@id\":\"https:\/\/www.moore-czech.cz\/zeny-i-muzi-se-shoduji-vice-zen-ve-vedeni-by-firmam-prospelo-starsi-generace-nesouhlasi\/#article\",\"isPartOf\":{\"@id\":\"https:\/\/www.moore-czech.cz\/zeny-i-muzi-se-shoduji-vice-zen-ve-vedeni-by-firmam-prospelo-starsi-generace-nesouhlasi\/\"},\"author\":{\"name\":\"marekhrotek\",\"@id\":\"https:\/\/www.moore-czech.cz\/#\/schema\/person\/9a891ae311b18f29dd4abe2eaa7a635e\"},\"headline\":\"\u017deny i mu\u017ei se shoduj\u00ed: v\u00edce \u017een ve veden\u00ed by firm\u00e1m prosp\u011blo. Star\u0161\u00ed generace nesouhlas\u00ed\",\"datePublished\":\"2026-03-11T12:21:59+00:00\",\"dateModified\":\"2026-03-11T12:22:42+00:00\",\"mainEntityOfPage\":{\"@id\":\"https:\/\/www.moore-czech.cz\/zeny-i-muzi-se-shoduji-vice-zen-ve-vedeni-by-firmam-prospelo-starsi-generace-nesouhlasi\/\"},\"wordCount\":627,\"image\":{\"@id\":\"https:\/\/www.moore-czech.cz\/zeny-i-muzi-se-shoduji-vice-zen-ve-vedeni-by-firmam-prospelo-starsi-generace-nesouhlasi\/#primaryimage\"},\"thumbnailUrl\":\"https:\/\/www.moore-czech.cz\/wp-content\/uploads\/sites\/3\/2024\/12\/shutterstock_2605496977-1.jpg\",\"articleSection\":[\"Tiskov\u00e1 zpr\u00e1va\"],\"inLanguage\":\"en-GB\"},{\"@type\":\"WebPage\",\"@id\":\"https:\/\/www.moore-czech.cz\/zeny-i-muzi-se-shoduji-vice-zen-ve-vedeni-by-firmam-prospelo-starsi-generace-nesouhlasi\/\",\"url\":\"https:\/\/www.moore-czech.cz\/zeny-i-muzi-se-shoduji-vice-zen-ve-vedeni-by-firmam-prospelo-starsi-generace-nesouhlasi\/\",\"name\":\"\u017deny i mu\u017ei se shoduj\u00ed: v\u00edce \u017een ve veden\u00ed by firm\u00e1m prosp\u011blo. Star\u0161\u00ed generace nesouhlas\u00ed - Moore Czech Republic\",\"isPartOf\":{\"@id\":\"https:\/\/www.moore-czech.cz\/#website\"},\"primaryImageOfPage\":{\"@id\":\"https:\/\/www.moore-czech.cz\/zeny-i-muzi-se-shoduji-vice-zen-ve-vedeni-by-firmam-prospelo-starsi-generace-nesouhlasi\/#primaryimage\"},\"image\":{\"@id\":\"https:\/\/www.moore-czech.cz\/zeny-i-muzi-se-shoduji-vice-zen-ve-vedeni-by-firmam-prospelo-starsi-generace-nesouhlasi\/#primaryimage\"},\"thumbnailUrl\":\"https:\/\/www.moore-czech.cz\/wp-content\/uploads\/sites\/3\/2024\/12\/shutterstock_2605496977-1.jpg\",\"datePublished\":\"2026-03-11T12:21:59+00:00\",\"dateModified\":\"2026-03-11T12:22:42+00:00\",\"author\":{\"@id\":\"https:\/\/www.moore-czech.cz\/#\/schema\/person\/9a891ae311b18f29dd4abe2eaa7a635e\"},\"breadcrumb\":{\"@id\":\"https:\/\/www.moore-czech.cz\/zeny-i-muzi-se-shoduji-vice-zen-ve-vedeni-by-firmam-prospelo-starsi-generace-nesouhlasi\/#breadcrumb\"},\"inLanguage\":\"en-GB\",\"potentialAction\":[{\"@type\":\"ReadAction\",\"target\":[\"https:\/\/www.moore-czech.cz\/zeny-i-muzi-se-shoduji-vice-zen-ve-vedeni-by-firmam-prospelo-starsi-generace-nesouhlasi\/\"]}]},{\"@type\":\"ImageObject\",\"inLanguage\":\"en-GB\",\"@id\":\"https:\/\/www.moore-czech.cz\/zeny-i-muzi-se-shoduji-vice-zen-ve-vedeni-by-firmam-prospelo-starsi-generace-nesouhlasi\/#primaryimage\",\"url\":\"https:\/\/www.moore-czech.cz\/wp-content\/uploads\/sites\/3\/2024\/12\/shutterstock_2605496977-1.jpg\",\"contentUrl\":\"https:\/\/www.moore-czech.cz\/wp-content\/uploads\/sites\/3\/2024\/12\/shutterstock_2605496977-1.jpg\",\"width\":8192,\"height\":5464},{\"@type\":\"BreadcrumbList\",\"@id\":\"https:\/\/www.moore-czech.cz\/zeny-i-muzi-se-shoduji-vice-zen-ve-vedeni-by-firmam-prospelo-starsi-generace-nesouhlasi\/#breadcrumb\",\"itemListElement\":[{\"@type\":\"ListItem\",\"position\":1,\"name\":\"Home\",\"item\":\"https:\/\/www.moore-czech.cz\/\"},{\"@type\":\"ListItem\",\"position\":2,\"name\":\"\u017deny i mu\u017ei se shoduj\u00ed: v\u00edce \u017een ve veden\u00ed by firm\u00e1m prosp\u011blo. Star\u0161\u00ed generace nesouhlas\u00ed\"}]},{\"@type\":\"WebSite\",\"@id\":\"https:\/\/www.moore-czech.cz\/#website\",\"url\":\"https:\/\/www.moore-czech.cz\/\",\"name\":\"Moore Czech Republic\",\"description\":\"Str\u00e1nka Moore Czech Republic\",\"potentialAction\":[{\"@type\":\"SearchAction\",\"target\":{\"@type\":\"EntryPoint\",\"urlTemplate\":\"https:\/\/www.moore-czech.cz\/?s={search_term_string}\"},\"query-input\":{\"@type\":\"PropertyValueSpecification\",\"valueRequired\":true,\"valueName\":\"search_term_string\"}}],\"inLanguage\":\"en-GB\"},{\"@type\":\"Person\",\"@id\":\"https:\/\/www.moore-czech.cz\/#\/schema\/person\/9a891ae311b18f29dd4abe2eaa7a635e\",\"name\":\"marekhrotek\",\"image\":{\"@type\":\"ImageObject\",\"inLanguage\":\"en-GB\",\"@id\":\"https:\/\/secure.gravatar.com\/avatar\/01c9aa9bc518b67bcc0f8593fe11e099a691849b2ae94b94d55dd45ff2492886?s=96&d=mm&r=g\",\"url\":\"https:\/\/secure.gravatar.com\/avatar\/01c9aa9bc518b67bcc0f8593fe11e099a691849b2ae94b94d55dd45ff2492886?s=96&d=mm&r=g\",\"contentUrl\":\"https:\/\/secure.gravatar.com\/avatar\/01c9aa9bc518b67bcc0f8593fe11e099a691849b2ae94b94d55dd45ff2492886?s=96&d=mm&r=g\",\"caption\":\"marekhrotek\"},\"url\":\"https:\/\/www.moore-czech.cz\/en\/author\/marekhrotek\/\"}]}<\/script>\n<!-- \/ Yoast SEO plugin. -->","yoast_head_json":{"title":"\u017deny i mu\u017ei se shoduj\u00ed: v\u00edce \u017een ve veden\u00ed by firm\u00e1m prosp\u011blo. Star\u0161\u00ed generace nesouhlas\u00ed - Moore Czech Republic","robots":{"index":"index","follow":"follow","max-snippet":"max-snippet:-1","max-image-preview":"max-image-preview:large","max-video-preview":"max-video-preview:-1"},"canonical":"https:\/\/www.moore-czech.cz\/en\/zeny-i-muzi-se-shoduji-vice-zen-ve-vedeni-by-firmam-prospelo-starsi-generace-nesouhlasi\/","og_locale":"en_GB","og_type":"article","og_title":"\u017deny i mu\u017ei se shoduj\u00ed: v\u00edce \u017een ve veden\u00ed by firm\u00e1m prosp\u011blo. Star\u0161\u00ed generace nesouhlas\u00ed - Moore Czech Republic","og_description":"\u017deny i mu\u017ei se shoduj\u00ed: v\u00edce \u017een ve veden\u00ed by firm\u00e1m prosp\u011blo. Star\u0161\u00ed generace nesouhlas\u00ed Na rovnosti v odm\u011b\u0148ov\u00e1n\u00ed se \u017eeny a mu\u017ei neshodnou. Probl\u00e9m nevid\u00ed t\u00e9m\u011b\u0159 9 z 10 mu\u017e\u016f, diskriminaci vn\u00edm\u00e1 dv\u011b t\u0159etiny \u017een Mezi lidmi do 35 let se 88 % respondent\u016f domn\u00edv\u00e1, \u017ee vy\u0161\u0161\u00ed zastoupen\u00ed \u017een ve veden\u00ed by bylo pro [&hellip;]","og_url":"https:\/\/www.moore-czech.cz\/en\/zeny-i-muzi-se-shoduji-vice-zen-ve-vedeni-by-firmam-prospelo-starsi-generace-nesouhlasi\/","og_site_name":"Moore Czech Republic","article_published_time":"2026-03-11T12:21:59+00:00","article_modified_time":"2026-03-11T12:22:42+00:00","og_image":[{"width":1024,"height":683,"url":"https:\/\/www.moore-czech.cz\/wp-content\/uploads\/sites\/3\/2024\/12\/shutterstock_2605496977-1-1024x683.jpg","type":"image\/jpeg"}],"author":"marekhrotek","twitter_card":"summary_large_image","twitter_misc":{"Written by":"marekhrotek","Est. reading time":"4 minutes"},"schema":{"@context":"https:\/\/schema.org","@graph":[{"@type":"Article","@id":"https:\/\/www.moore-czech.cz\/zeny-i-muzi-se-shoduji-vice-zen-ve-vedeni-by-firmam-prospelo-starsi-generace-nesouhlasi\/#article","isPartOf":{"@id":"https:\/\/www.moore-czech.cz\/zeny-i-muzi-se-shoduji-vice-zen-ve-vedeni-by-firmam-prospelo-starsi-generace-nesouhlasi\/"},"author":{"name":"marekhrotek","@id":"https:\/\/www.moore-czech.cz\/#\/schema\/person\/9a891ae311b18f29dd4abe2eaa7a635e"},"headline":"\u017deny i mu\u017ei se shoduj\u00ed: v\u00edce \u017een ve veden\u00ed by firm\u00e1m prosp\u011blo. Star\u0161\u00ed generace nesouhlas\u00ed","datePublished":"2026-03-11T12:21:59+00:00","dateModified":"2026-03-11T12:22:42+00:00","mainEntityOfPage":{"@id":"https:\/\/www.moore-czech.cz\/zeny-i-muzi-se-shoduji-vice-zen-ve-vedeni-by-firmam-prospelo-starsi-generace-nesouhlasi\/"},"wordCount":627,"image":{"@id":"https:\/\/www.moore-czech.cz\/zeny-i-muzi-se-shoduji-vice-zen-ve-vedeni-by-firmam-prospelo-starsi-generace-nesouhlasi\/#primaryimage"},"thumbnailUrl":"https:\/\/www.moore-czech.cz\/wp-content\/uploads\/sites\/3\/2024\/12\/shutterstock_2605496977-1.jpg","articleSection":["Tiskov\u00e1 zpr\u00e1va"],"inLanguage":"en-GB"},{"@type":"WebPage","@id":"https:\/\/www.moore-czech.cz\/zeny-i-muzi-se-shoduji-vice-zen-ve-vedeni-by-firmam-prospelo-starsi-generace-nesouhlasi\/","url":"https:\/\/www.moore-czech.cz\/zeny-i-muzi-se-shoduji-vice-zen-ve-vedeni-by-firmam-prospelo-starsi-generace-nesouhlasi\/","name":"\u017deny i mu\u017ei se shoduj\u00ed: v\u00edce \u017een ve veden\u00ed by firm\u00e1m prosp\u011blo. Star\u0161\u00ed generace nesouhlas\u00ed - Moore Czech Republic","isPartOf":{"@id":"https:\/\/www.moore-czech.cz\/#website"},"primaryImageOfPage":{"@id":"https:\/\/www.moore-czech.cz\/zeny-i-muzi-se-shoduji-vice-zen-ve-vedeni-by-firmam-prospelo-starsi-generace-nesouhlasi\/#primaryimage"},"image":{"@id":"https:\/\/www.moore-czech.cz\/zeny-i-muzi-se-shoduji-vice-zen-ve-vedeni-by-firmam-prospelo-starsi-generace-nesouhlasi\/#primaryimage"},"thumbnailUrl":"https:\/\/www.moore-czech.cz\/wp-content\/uploads\/sites\/3\/2024\/12\/shutterstock_2605496977-1.jpg","datePublished":"2026-03-11T12:21:59+00:00","dateModified":"2026-03-11T12:22:42+00:00","author":{"@id":"https:\/\/www.moore-czech.cz\/#\/schema\/person\/9a891ae311b18f29dd4abe2eaa7a635e"},"breadcrumb":{"@id":"https:\/\/www.moore-czech.cz\/zeny-i-muzi-se-shoduji-vice-zen-ve-vedeni-by-firmam-prospelo-starsi-generace-nesouhlasi\/#breadcrumb"},"inLanguage":"en-GB","potentialAction":[{"@type":"ReadAction","target":["https:\/\/www.moore-czech.cz\/zeny-i-muzi-se-shoduji-vice-zen-ve-vedeni-by-firmam-prospelo-starsi-generace-nesouhlasi\/"]}]},{"@type":"ImageObject","inLanguage":"en-GB","@id":"https:\/\/www.moore-czech.cz\/zeny-i-muzi-se-shoduji-vice-zen-ve-vedeni-by-firmam-prospelo-starsi-generace-nesouhlasi\/#primaryimage","url":"https:\/\/www.moore-czech.cz\/wp-content\/uploads\/sites\/3\/2024\/12\/shutterstock_2605496977-1.jpg","contentUrl":"https:\/\/www.moore-czech.cz\/wp-content\/uploads\/sites\/3\/2024\/12\/shutterstock_2605496977-1.jpg","width":8192,"height":5464},{"@type":"BreadcrumbList","@id":"https:\/\/www.moore-czech.cz\/zeny-i-muzi-se-shoduji-vice-zen-ve-vedeni-by-firmam-prospelo-starsi-generace-nesouhlasi\/#breadcrumb","itemListElement":[{"@type":"ListItem","position":1,"name":"Home","item":"https:\/\/www.moore-czech.cz\/"},{"@type":"ListItem","position":2,"name":"\u017deny i mu\u017ei se shoduj\u00ed: v\u00edce \u017een ve veden\u00ed by firm\u00e1m prosp\u011blo. Star\u0161\u00ed generace nesouhlas\u00ed"}]},{"@type":"WebSite","@id":"https:\/\/www.moore-czech.cz\/#website","url":"https:\/\/www.moore-czech.cz\/","name":"Moore Czech Republic","description":"Str\u00e1nka Moore Czech Republic","potentialAction":[{"@type":"SearchAction","target":{"@type":"EntryPoint","urlTemplate":"https:\/\/www.moore-czech.cz\/?s={search_term_string}"},"query-input":{"@type":"PropertyValueSpecification","valueRequired":true,"valueName":"search_term_string"}}],"inLanguage":"en-GB"},{"@type":"Person","@id":"https:\/\/www.moore-czech.cz\/#\/schema\/person\/9a891ae311b18f29dd4abe2eaa7a635e","name":"marekhrotek","image":{"@type":"ImageObject","inLanguage":"en-GB","@id":"https:\/\/secure.gravatar.com\/avatar\/01c9aa9bc518b67bcc0f8593fe11e099a691849b2ae94b94d55dd45ff2492886?s=96&d=mm&r=g","url":"https:\/\/secure.gravatar.com\/avatar\/01c9aa9bc518b67bcc0f8593fe11e099a691849b2ae94b94d55dd45ff2492886?s=96&d=mm&r=g","contentUrl":"https:\/\/secure.gravatar.com\/avatar\/01c9aa9bc518b67bcc0f8593fe11e099a691849b2ae94b94d55dd45ff2492886?s=96&d=mm&r=g","caption":"marekhrotek"},"url":"https:\/\/www.moore-czech.cz\/en\/author\/marekhrotek\/"}]}},"_links":{"self":[{"href":"https:\/\/www.moore-czech.cz\/en\/wp-json\/wp\/v2\/posts\/756","targetHints":{"allow":["GET"]}}],"collection":[{"href":"https:\/\/www.moore-czech.cz\/en\/wp-json\/wp\/v2\/posts"}],"about":[{"href":"https:\/\/www.moore-czech.cz\/en\/wp-json\/wp\/v2\/types\/post"}],"author":[{"embeddable":true,"href":"https:\/\/www.moore-czech.cz\/en\/wp-json\/wp\/v2\/users\/35"}],"replies":[{"embeddable":true,"href":"https:\/\/www.moore-czech.cz\/en\/wp-json\/wp\/v2\/comments?post=756"}],"version-history":[{"count":0,"href":"https:\/\/www.moore-czech.cz\/en\/wp-json\/wp\/v2\/posts\/756\/revisions"}],"wp:featuredmedia":[{"embeddable":true,"href":"https:\/\/www.moore-czech.cz\/en\/wp-json\/wp\/v2\/media\/746"}],"wp:attachment":[{"href":"https:\/\/www.moore-czech.cz\/en\/wp-json\/wp\/v2\/media?parent=756"}],"wp:term":[{"taxonomy":"category","embeddable":true,"href":"https:\/\/www.moore-czech.cz\/en\/wp-json\/wp\/v2\/categories?post=756"},{"taxonomy":"post_tag","embeddable":true,"href":"https:\/\/www.moore-czech.cz\/en\/wp-json\/wp\/v2\/tags?post=756"},{"taxonomy":"location","embeddable":true,"href":"https:\/\/www.moore-czech.cz\/en\/wp-json\/wp\/v2\/location?post=756"}],"curies":[{"name":"wp","href":"https:\/\/api.w.org\/{rel}","templated":true}]}}